{"id":18617,"date":"2013-08-12T12:00:00","date_gmt":"2013-08-12T12:00:00","guid":{"rendered":"https:\/\/dev.inrs.ca\/professor-federico-rosei-is-named-the-asm-canada-council-m-brian-ives-lecturer\/"},"modified":"2020-12-07T14:19:37","modified_gmt":"2020-12-07T19:19:37","slug":"professor-federico-rosei-is-named-the-asm-canada-council-m-brian-ives-lecturer","status":"publish","type":"post","link":"https:\/\/dev.inrs.ca\/en\/news\/professor-federico-rosei-is-named-the-asm-canada-council-m-brian-ives-lecturer\/","title":{"rendered":"Professor Federico Rosei is named the ASM Canada Council M. Brian Ives Lecturer"},"content":{"rendered":"\n<p style=\"font-size:clamp(14px, 0.875rem + ((1vw - 3.2px) * 0.602), 19px);px\"><strong>Professor <a href=\"https:\/\/dev.inrs.ca\/en\/research\/professors\/federico-rosei\/\">Federico Rosei<\/a>, Director of the INRS Centre \u00c9nergie Mat\u00e9riaux T\u00e9l\u00e9communications, has been named the 2013\u20132014 ASM Canada Council M. Brian Ives Lecturer in recognition of his outstanding contribution to the field of materials in Canada.<\/strong><\/p>\n\n\n\n<p>In conjunction with this award, Federico Rosei, who is internationally recognized for his innovative work in nanosciences and holds the Canada Research Chair in nanostructured organic and inorganic materials, will have the opportunity to visit all eight Canada Council chapters of ASM International and share state-of-the-art technical knowledge with ASM Canada members.<\/p>\n\n\n\n<p>The ASM Canada Council Brian Ives Lectureship award underscores the scientific and technological scope of Professor Rosei\u2019s work on nanomaterials, which has already brought him numerous honours. He is a Fellow of the American Association for the Advancement of Science, the Institute of Physics, the Royal Society of Chemistry, the Institute of Materials, Minerals and Mining, the Institution of Engineering and Technology, the Engineering Institute of Canada, the Institute of Nanotechnology and the Australian Institute of Physics. In addition to these honours, he was the recipient of the 2013 Herzberg Medal from the Canadian Association of Physics, the 2011 Rutherford Memorial Medal in Chemistry&nbsp;from the&nbsp;<a href=\"http:\/\/rsc-src.ca\/en\/\" target=\"_blank\" rel=\"noreferrer noopener\">Royal Society of Canada<\/a>and the <a href=\"http:\/\/www.humboldt-foundation.de\/web\/home.html\" target=\"_blank\" rel=\"noreferrer noopener\" class=\"broken_link\">Alexander von Humboldt Foundation<\/a>\u2019s 2010 Friedrich Wilhelm Bessel Research Award, among others. Federico Rosei is also a Senior Member of the Institute of Electrical and Electronics Engineers (IEEE) and of the Society of Photo-Image Engineers (SPIE), and a member of the Sigma XI Society and of the Global Young Academy.<\/p>\n\n\n\n<p>Our heartfelt congratulations to the 2013\u20132014 M. Brian Ives Lecturer!<\/p>\n","protected":false},"excerpt":{"rendered":"<p>Professor Federico Rosei, Director of the INRS Centre \u00c9nergie Mat\u00e9riaux T\u00e9l\u00e9communications, has been named the 2013\u20132014 ASM Canada Council M. Brian Ives Lecturer in recognition of his outstanding contribution to the field of materials in Canada. In conjunction with this award, Federico Rosei, who is internationally recognized for his innovative work in nanosciences and holds [&hellip;]<\/p>\n","protected":false},"author":1,"featured_media":18618,"comment_status":"open","ping_status":"open","sticky":false,"template":"","format":"standard","meta":{"_acf_changed":false,"footnotes":""},"categories":[737],"tags":[],"sectors":[731],"class_list":["post-18617","post","type-post","status-publish","format-standard","has-post-thumbnail","hentry","category-distinctions-en","sectors-materiaux-en"],"acf":[],"yoast_head":"<!-- This site is optimized with the Yoast SEO Premium plugin v24.6 (Yoast SEO v24.6) - https:\/\/yoast.com\/wordpress\/plugins\/seo\/ -->\n<title>Professor Federico Rosei is named the ASM Canada Council M. Brian Ives Lecturer | INRS<\/title>\n<meta name=\"description\" content=\"Professor Federico Rosei, Director of the INRS Centre \u00c9nergie Mat\u00e9riaux T\u00e9l\u00e9communications, has been named the 2013\u20132014 ASM Canada Council M.\" \/>\n<meta name=\"robots\" content=\"noindex, follow, max-snippet:-1, max-image-preview:large, max-video-preview:-1\" \/>\n<meta property=\"og:locale\" content=\"en_US\" \/>\n<meta property=\"og:type\" content=\"article\" \/>\n<meta property=\"og:title\" content=\"Professor Federico Rosei is named the ASM Canada Council M. Brian Ives Lecturer | INRS\" \/>\n<meta property=\"og:description\" content=\"Professor Federico Rosei, Director of the INRS Centre \u00c9nergie Mat\u00e9riaux T\u00e9l\u00e9communications, has been named the 2013\u20132014 ASM Canada Council M.\" \/>\n<meta property=\"og:url\" content=\"https:\/\/dev.inrs.ca\/en\/news\/professor-federico-rosei-is-named-the-asm-canada-council-m-brian-ives-lecturer\/\" \/>\n<meta property=\"og:site_name\" content=\"INRS\" \/>\n<meta property=\"article:publisher\" content=\"https:\/\/www.facebook.com\/inrsciences\/\" \/>\n<meta property=\"article:published_time\" content=\"2013-08-12T12:00:00+00:00\" \/>\n<meta property=\"article:modified_time\" content=\"2020-12-07T19:19:37+00:00\" \/>\n<meta name=\"author\" content=\"inrsadmin\" \/>\n<meta name=\"twitter:card\" content=\"summary_large_image\" \/>\n<meta name=\"twitter:creator\" content=\"@inrsciences\" \/>\n<meta name=\"twitter:site\" content=\"@inrsciences\" \/>\n<meta name=\"twitter:label1\" content=\"Written by\" \/>\n\t<meta name=\"twitter:data1\" content=\"inrsadmin\" \/>\n\t<meta name=\"twitter:label2\" content=\"Est. reading time\" \/>\n\t<meta name=\"twitter:data2\" content=\"1 minute\" \/>\n<script type=\"application\/ld+json\" class=\"yoast-schema-graph\">{\"@context\":\"https:\/\/schema.org\",\"@graph\":[{\"@type\":\"WebPage\",\"@id\":\"https:\/\/dev.inrs.ca\/en\/news\/professor-federico-rosei-is-named-the-asm-canada-council-m-brian-ives-lecturer\/\",\"url\":\"https:\/\/dev.inrs.ca\/en\/news\/professor-federico-rosei-is-named-the-asm-canada-council-m-brian-ives-lecturer\/\",\"name\":\"Professor Federico Rosei is named the ASM Canada Council M. Brian Ives Lecturer | INRS\",\"isPartOf\":{\"@id\":\"https:\/\/dev.inrs.ca\/en\/#website\"},\"primaryImageOfPage\":{\"@id\":\"https:\/\/dev.inrs.ca\/en\/news\/professor-federico-rosei-is-named-the-asm-canada-council-m-brian-ives-lecturer\/#primaryimage\"},\"image\":{\"@id\":\"https:\/\/dev.inrs.ca\/en\/news\/professor-federico-rosei-is-named-the-asm-canada-council-m-brian-ives-lecturer\/#primaryimage\"},\"thumbnailUrl\":\"https:\/\/dev.inrs.ca\/wp-content\/uploads\/\/2020\/08\/rosei_federico_2_0.jpg\",\"datePublished\":\"2013-08-12T12:00:00+00:00\",\"dateModified\":\"2020-12-07T19:19:37+00:00\",\"author\":{\"@id\":\"https:\/\/dev.inrs.ca\/en\/#\/schema\/person\/3ca476fa13dfaddd95ebd8f26337ed0f\"},\"description\":\"Professor Federico Rosei, Director of the INRS Centre \u00c9nergie Mat\u00e9riaux T\u00e9l\u00e9communications, has been named the 2013\u20132014 ASM Canada Council M.\",\"breadcrumb\":{\"@id\":\"https:\/\/dev.inrs.ca\/en\/news\/professor-federico-rosei-is-named-the-asm-canada-council-m-brian-ives-lecturer\/#breadcrumb\"},\"inLanguage\":\"en-CA\",\"potentialAction\":[{\"@type\":\"ReadAction\",\"target\":[\"https:\/\/dev.inrs.ca\/en\/news\/professor-federico-rosei-is-named-the-asm-canada-council-m-brian-ives-lecturer\/\"]}]},{\"@type\":\"ImageObject\",\"inLanguage\":\"en-CA\",\"@id\":\"https:\/\/dev.inrs.ca\/en\/news\/professor-federico-rosei-is-named-the-asm-canada-council-m-brian-ives-lecturer\/#primaryimage\",\"url\":\"https:\/\/dev.inrs.ca\/wp-content\/uploads\/\/2020\/08\/rosei_federico_2_0.jpg\",\"contentUrl\":\"https:\/\/dev.inrs.ca\/wp-content\/uploads\/\/2020\/08\/rosei_federico_2_0.jpg\",\"width\":230,\"height\":181},{\"@type\":\"BreadcrumbList\",\"@id\":\"https:\/\/dev.inrs.ca\/en\/news\/professor-federico-rosei-is-named-the-asm-canada-council-m-brian-ives-lecturer\/#breadcrumb\",\"itemListElement\":[{\"@type\":\"ListItem\",\"position\":1,\"name\":\"INRS\",\"item\":\"https:\/\/dev.inrs.ca\/linrs\/\"},{\"@type\":\"ListItem\",\"position\":2,\"name\":\"Newsroom\",\"item\":\"https:\/\/dev.inrs.ca\/linrs\/salle-de-nouvelles\/\"},{\"@type\":\"ListItem\",\"position\":3,\"name\":\"News\",\"item\":\"https:\/\/dev.inrs.ca\/linrs\/salle-de-nouvelles\/actualites\/\"},{\"@type\":\"ListItem\",\"position\":4,\"name\":\"Professor Federico Rosei is named the ASM Canada Council M. Brian Ives Lecturer\"}]},{\"@type\":\"WebSite\",\"@id\":\"https:\/\/dev.inrs.ca\/en\/#website\",\"url\":\"https:\/\/dev.inrs.ca\/en\/\",\"name\":\"INRS\",\"description\":\"Institut national de la recherche scientifique\",\"potentialAction\":[{\"@type\":\"SearchAction\",\"target\":{\"@type\":\"EntryPoint\",\"urlTemplate\":\"https:\/\/dev.inrs.ca\/en\/?s={search_term_string}\"},\"query-input\":{\"@type\":\"PropertyValueSpecification\",\"valueRequired\":true,\"valueName\":\"search_term_string\"}}],\"inLanguage\":\"en-CA\"},{\"@type\":\"Person\",\"@id\":\"https:\/\/dev.inrs.ca\/en\/#\/schema\/person\/3ca476fa13dfaddd95ebd8f26337ed0f\",\"name\":\"inrsadmin\",\"image\":{\"@type\":\"ImageObject\",\"inLanguage\":\"en-CA\",\"@id\":\"https:\/\/dev.inrs.ca\/en\/#\/schema\/person\/image\/\",\"url\":\"https:\/\/secure.gravatar.com\/avatar\/40b736160f83ebb228ddc350b78913ad?s=96&d=mm&r=g\",\"contentUrl\":\"https:\/\/secure.gravatar.com\/avatar\/40b736160f83ebb228ddc350b78913ad?s=96&d=mm&r=g\",\"caption\":\"inrsadmin\"},\"url\":\"https:\/\/dev.inrs.ca\/en\/author\/inrsadmin\/\"}]}<\/script>\n<!-- \/ Yoast SEO Premium plugin. -->","yoast_head_json":{"title":"Professor Federico Rosei is named the ASM Canada Council M. Brian Ives Lecturer | INRS","description":"Professor Federico Rosei, Director of the INRS Centre \u00c9nergie Mat\u00e9riaux T\u00e9l\u00e9communications, has been named the 2013\u20132014 ASM Canada Council M.","robots":{"index":"noindex","follow":"follow","max-snippet":"max-snippet:-1","max-image-preview":"max-image-preview:large","max-video-preview":"max-video-preview:-1"},"og_locale":"en_US","og_type":"article","og_title":"Professor Federico Rosei is named the ASM Canada Council M. Brian Ives Lecturer | INRS","og_description":"Professor Federico Rosei, Director of the INRS Centre \u00c9nergie Mat\u00e9riaux T\u00e9l\u00e9communications, has been named the 2013\u20132014 ASM Canada Council M.","og_url":"https:\/\/dev.inrs.ca\/en\/news\/professor-federico-rosei-is-named-the-asm-canada-council-m-brian-ives-lecturer\/","og_site_name":"INRS","article_publisher":"https:\/\/www.facebook.com\/inrsciences\/","article_published_time":"2013-08-12T12:00:00+00:00","article_modified_time":"2020-12-07T19:19:37+00:00","author":"inrsadmin","twitter_card":"summary_large_image","twitter_creator":"@inrsciences","twitter_site":"@inrsciences","twitter_misc":{"Written by":"inrsadmin","Est. reading time":"1 minute"},"schema":{"@context":"https:\/\/schema.org","@graph":[{"@type":"WebPage","@id":"https:\/\/dev.inrs.ca\/en\/news\/professor-federico-rosei-is-named-the-asm-canada-council-m-brian-ives-lecturer\/","url":"https:\/\/dev.inrs.ca\/en\/news\/professor-federico-rosei-is-named-the-asm-canada-council-m-brian-ives-lecturer\/","name":"Professor Federico Rosei is named the ASM Canada Council M. Brian Ives Lecturer | INRS","isPartOf":{"@id":"https:\/\/dev.inrs.ca\/en\/#website"},"primaryImageOfPage":{"@id":"https:\/\/dev.inrs.ca\/en\/news\/professor-federico-rosei-is-named-the-asm-canada-council-m-brian-ives-lecturer\/#primaryimage"},"image":{"@id":"https:\/\/dev.inrs.ca\/en\/news\/professor-federico-rosei-is-named-the-asm-canada-council-m-brian-ives-lecturer\/#primaryimage"},"thumbnailUrl":"https:\/\/dev.inrs.ca\/wp-content\/uploads\/\/2020\/08\/rosei_federico_2_0.jpg","datePublished":"2013-08-12T12:00:00+00:00","dateModified":"2020-12-07T19:19:37+00:00","author":{"@id":"https:\/\/dev.inrs.ca\/en\/#\/schema\/person\/3ca476fa13dfaddd95ebd8f26337ed0f"},"description":"Professor Federico Rosei, Director of the INRS Centre \u00c9nergie Mat\u00e9riaux T\u00e9l\u00e9communications, has been named the 2013\u20132014 ASM Canada Council M.","breadcrumb":{"@id":"https:\/\/dev.inrs.ca\/en\/news\/professor-federico-rosei-is-named-the-asm-canada-council-m-brian-ives-lecturer\/#breadcrumb"},"inLanguage":"en-CA","potentialAction":[{"@type":"ReadAction","target":["https:\/\/dev.inrs.ca\/en\/news\/professor-federico-rosei-is-named-the-asm-canada-council-m-brian-ives-lecturer\/"]}]},{"@type":"ImageObject","inLanguage":"en-CA","@id":"https:\/\/dev.inrs.ca\/en\/news\/professor-federico-rosei-is-named-the-asm-canada-council-m-brian-ives-lecturer\/#primaryimage","url":"https:\/\/dev.inrs.ca\/wp-content\/uploads\/\/2020\/08\/rosei_federico_2_0.jpg","contentUrl":"https:\/\/dev.inrs.ca\/wp-content\/uploads\/\/2020\/08\/rosei_federico_2_0.jpg","width":230,"height":181},{"@type":"BreadcrumbList","@id":"https:\/\/dev.inrs.ca\/en\/news\/professor-federico-rosei-is-named-the-asm-canada-council-m-brian-ives-lecturer\/#breadcrumb","itemListElement":[{"@type":"ListItem","position":1,"name":"INRS","item":"https:\/\/dev.inrs.ca\/linrs\/"},{"@type":"ListItem","position":2,"name":"Newsroom","item":"https:\/\/dev.inrs.ca\/linrs\/salle-de-nouvelles\/"},{"@type":"ListItem","position":3,"name":"News","item":"https:\/\/dev.inrs.ca\/linrs\/salle-de-nouvelles\/actualites\/"},{"@type":"ListItem","position":4,"name":"Professor Federico Rosei is named the ASM Canada Council M. Brian Ives Lecturer"}]},{"@type":"WebSite","@id":"https:\/\/dev.inrs.ca\/en\/#website","url":"https:\/\/dev.inrs.ca\/en\/","name":"INRS","description":"Institut national de la recherche scientifique","potentialAction":[{"@type":"SearchAction","target":{"@type":"EntryPoint","urlTemplate":"https:\/\/dev.inrs.ca\/en\/?s={search_term_string}"},"query-input":{"@type":"PropertyValueSpecification","valueRequired":true,"valueName":"search_term_string"}}],"inLanguage":"en-CA"},{"@type":"Person","@id":"https:\/\/dev.inrs.ca\/en\/#\/schema\/person\/3ca476fa13dfaddd95ebd8f26337ed0f","name":"inrsadmin","image":{"@type":"ImageObject","inLanguage":"en-CA","@id":"https:\/\/dev.inrs.ca\/en\/#\/schema\/person\/image\/","url":"https:\/\/secure.gravatar.com\/avatar\/40b736160f83ebb228ddc350b78913ad?s=96&d=mm&r=g","contentUrl":"https:\/\/secure.gravatar.com\/avatar\/40b736160f83ebb228ddc350b78913ad?s=96&d=mm&r=g","caption":"inrsadmin"},"url":"https:\/\/dev.inrs.ca\/en\/author\/inrsadmin\/"}]}},"_links":{"self":[{"href":"https:\/\/dev.inrs.ca\/en\/wp-json\/wp\/v2\/posts\/18617","targetHints":{"allow":["GET"]}}],"collection":[{"href":"https:\/\/dev.inrs.ca\/en\/wp-json\/wp\/v2\/posts"}],"about":[{"href":"https:\/\/dev.inrs.ca\/en\/wp-json\/wp\/v2\/types\/post"}],"author":[{"embeddable":true,"href":"https:\/\/dev.inrs.ca\/en\/wp-json\/wp\/v2\/users\/1"}],"replies":[{"embeddable":true,"href":"https:\/\/dev.inrs.ca\/en\/wp-json\/wp\/v2\/comments?post=18617"}],"version-history":[{"count":2,"href":"https:\/\/dev.inrs.ca\/en\/wp-json\/wp\/v2\/posts\/18617\/revisions"}],"predecessor-version":[{"id":37498,"href":"https:\/\/dev.inrs.ca\/en\/wp-json\/wp\/v2\/posts\/18617\/revisions\/37498"}],"wp:featuredmedia":[{"embeddable":true,"href":"https:\/\/dev.inrs.ca\/en\/wp-json\/wp\/v2\/media\/18618"}],"wp:attachment":[{"href":"https:\/\/dev.inrs.ca\/en\/wp-json\/wp\/v2\/media?parent=18617"}],"wp:term":[{"taxonomy":"category","embeddable":true,"href":"https:\/\/dev.inrs.ca\/en\/wp-json\/wp\/v2\/categories?post=18617"},{"taxonomy":"post_tag","embeddable":true,"href":"https:\/\/dev.inrs.ca\/en\/wp-json\/wp\/v2\/tags?post=18617"},{"taxonomy":"sectors","embeddable":true,"href":"https:\/\/dev.inrs.ca\/en\/wp-json\/wp\/v2\/sectors?post=18617"}],"curies":[{"name":"wp","href":"https:\/\/api.w.org\/{rel}","templated":true}]}}