{"id":18592,"date":"2014-02-27T12:00:00","date_gmt":"2014-02-27T12:00:00","guid":{"rendered":"https:\/\/dev.inrs.ca\/federico-rosei-elected-to-the-european-academy-of-sciences\/"},"modified":"2020-12-10T13:54:56","modified_gmt":"2020-12-10T18:54:56","slug":"federico-rosei-elected-to-the-european-academy-of-sciences","status":"publish","type":"post","link":"https:\/\/dev.inrs.ca\/en\/news\/federico-rosei-elected-to-the-european-academy-of-sciences\/","title":{"rendered":"Federico Rosei elected to the European Academy of Sciences"},"content":{"rendered":"\n<p><strong>Professor&nbsp;<a href=\"https:\/\/dev.inrs.ca\/en\/research\/professors\/federico-rosei\/\">Federico Rosei<\/a>, director of the INRS \u00c9nergie Mat\u00e9riaux T\u00e9l\u00e9communications research centre, has been elected to the&nbsp;<a href=\"http:\/\/www.eurasc.org\/\" target=\"_blank\" rel=\"noreferrer noopener\">European Academy of Sciences<\/a>&nbsp;(EURASC). <\/strong><\/p>\n\n\n\n<p>This international organization brings together eminent researchers and engineers wishing to work together to promote science and technology and contribute to social and economic development.Professor Rosei is recognized around the world for his research in the field of nanomaterials. He is the first INRS researcher to become a member of EURASC.<\/p>\n\n\n\n<div class=\"wp-block-image\"><figure class=\"aligncenter size-large is-resized\"><img loading=\"lazy\" decoding=\"async\" src=\"https:\/\/dev.inrs.ca\/wp-content\/uploads\/\/2020\/08\/rosei_federico_2-1024x806.jpg\" alt=\"\" class=\"wp-image-18676\" width=\"744\" height=\"586\" srcset=\"https:\/\/dev.inrs.ca\/wp-content\/uploads\/2020\/08\/rosei_federico_2-1024x806.jpg 1024w, https:\/\/dev.inrs.ca\/wp-content\/uploads\/2020\/08\/rosei_federico_2-300x236.jpg 300w, https:\/\/dev.inrs.ca\/wp-content\/uploads\/2020\/08\/rosei_federico_2-768x604.jpg 768w, https:\/\/dev.inrs.ca\/wp-content\/uploads\/2020\/08\/rosei_federico_2.jpg 1200w\" sizes=\"auto, (max-width: 744px) 100vw, 744px\" \/><\/figure><\/div>\n\n\n\n<blockquote class=\"wp-block-quote is-layout-flow wp-block-quote-is-layout-flow\"><p>\u201cProfessor Rosei\u2019s membership in EURASC is a great honour and a symbol of recognition by some of his most distinguished peers. He is a brilliant researcher who is deeply involved in the science community and he contributes not only to advancing knowledge in various aspects of material physics, but also to promoting INRS across the country and around the world. Our university is privileged to be able to benefit from his tremendous expertise.\u201d <\/p><cite>Daniel Coderre, Rector of INRS<\/cite><\/blockquote>\n\n\n\n<p>Laureate of the&nbsp;<a href=\"https:\/\/dev.inrs.ca\/en\/news\/inrs-professor-federico-rosei-awarded-prestigious-steacie-fellowship\/\">2014 E.W.R. Steacie Memorial Fellowship from NSERC<\/a>, Professor Rosei is also the recipient of the Alexander von Humboldt Foundation\u2019s 2010 Friedrich Wilhelm Bessel Research Award, the 2011 Rutherford Memorial Medal in Chemistry from the Royal Society of Canada, the&nbsp;<a href=\"https:\/\/dev.inrs.ca\/en\/news\/professor-federico-rosei-of-inrs-to-receive-the-herzberg-medal-2013\/\">Herzberg Medal<\/a>&nbsp;from the Canadian Association of Physicists, and the&nbsp;<a href=\"https:\/\/dev.inrs.ca\/en\/news\/pr-rosei-receives-the-csc-award-for-research-excellence-in-materials-chemistry\/\">Award for Research Excellence in Materials Chemistry<\/a>&nbsp;from the Canadian Society for Chemistry.He is also a fellow of the&nbsp;<em><a href=\"https:\/\/dev.inrs.ca\/en\/news\/professor-federico-rosei-elected-aaas-fellow\/\">American Association for the Advancement of Science<\/a><\/em>; the&nbsp;<a href=\"https:\/\/dev.inrs.ca\/en\/news\/federico-rosei-elected-as-fellow-of-the-australian-institute-of-physics\/\">Australian Institute of Physics<\/a>; the Royal Society of Chemistry; the Institute of Materials, Minerals and Mining; the Institute of Engineering and Technology; the Institute of Nanotechnology in the U.K.;and the Engineering Institute of Canada.<\/p>\n\n\n\n<p><strong>The&nbsp;<a href=\"http:\/\/www.eurasc.org\/\" target=\"_blank\" rel=\"noreferrer noopener\">European Academy of Sciences<\/a>&nbsp;(EURASC) is an independent non-profit, non-governmental organization aimed at establishing international collaboration between scientists, researchers, engineers, and governments. With 650 members, including a number of Nobel laureates, EURASC encourages interaction between basic and applied research and knowledge transfer. Its offices are located in Li\u00e8ge, Belgium.<\/strong><\/p>\n","protected":false},"excerpt":{"rendered":"<p>Professor&nbsp;Federico Rosei, director of the INRS \u00c9nergie Mat\u00e9riaux T\u00e9l\u00e9communications research centre, has been elected to the&nbsp;European Academy of Sciences&nbsp;(EURASC). This international organization brings together eminent researchers and engineers wishing to work together to promote science and technology and contribute to social and economic development.Professor Rosei is recognized around the world for his research in the [&hellip;]<\/p>\n","protected":false},"author":1,"featured_media":18593,"comment_status":"open","ping_status":"open","sticky":false,"template":"","format":"standard","meta":{"_acf_changed":false,"footnotes":""},"categories":[737],"tags":[],"sectors":[735,731],"class_list":["post-18592","post","type-post","status-publish","format-standard","has-post-thumbnail","hentry","category-distinctions-en","sectors-energie-en","sectors-materiaux-en"],"acf":[],"yoast_head":"<!-- This site is optimized with the Yoast SEO Premium plugin v24.6 (Yoast SEO v24.6) - https:\/\/yoast.com\/wordpress\/plugins\/seo\/ -->\n<title>Federico Rosei elected to the European Academy of Sciences | INRS<\/title>\n<meta name=\"description\" content=\"Professor\u00a0Federico Rosei, director of the INRS \u00c9nergie Mat\u00e9riaux T\u00e9l\u00e9communications research centre, has been elected to the European Academy of\" \/>\n<meta name=\"robots\" content=\"noindex, follow, max-snippet:-1, max-image-preview:large, max-video-preview:-1\" \/>\n<meta property=\"og:locale\" content=\"en_US\" \/>\n<meta property=\"og:type\" content=\"article\" \/>\n<meta property=\"og:title\" content=\"Federico Rosei elected to the European Academy of Sciences | INRS\" \/>\n<meta property=\"og:description\" content=\"Professor\u00a0Federico Rosei, director of the INRS \u00c9nergie Mat\u00e9riaux T\u00e9l\u00e9communications research centre, has been elected to the European Academy of\" \/>\n<meta property=\"og:url\" content=\"https:\/\/dev.inrs.ca\/en\/news\/federico-rosei-elected-to-the-european-academy-of-sciences\/\" \/>\n<meta property=\"og:site_name\" content=\"INRS\" \/>\n<meta property=\"article:publisher\" content=\"https:\/\/www.facebook.com\/inrsciences\/\" \/>\n<meta property=\"article:published_time\" content=\"2014-02-27T12:00:00+00:00\" \/>\n<meta property=\"article:modified_time\" content=\"2020-12-10T18:54:56+00:00\" \/>\n<meta name=\"author\" content=\"inrsadmin\" \/>\n<meta name=\"twitter:card\" content=\"summary_large_image\" \/>\n<meta name=\"twitter:creator\" content=\"@inrsciences\" \/>\n<meta name=\"twitter:site\" content=\"@inrsciences\" \/>\n<meta name=\"twitter:label1\" content=\"Written by\" \/>\n\t<meta name=\"twitter:data1\" content=\"inrsadmin\" \/>\n\t<meta name=\"twitter:label2\" content=\"Est. reading time\" \/>\n\t<meta name=\"twitter:data2\" content=\"2 minutes\" \/>\n<script type=\"application\/ld+json\" class=\"yoast-schema-graph\">{\"@context\":\"https:\/\/schema.org\",\"@graph\":[{\"@type\":\"WebPage\",\"@id\":\"https:\/\/dev.inrs.ca\/en\/news\/federico-rosei-elected-to-the-european-academy-of-sciences\/\",\"url\":\"https:\/\/dev.inrs.ca\/en\/news\/federico-rosei-elected-to-the-european-academy-of-sciences\/\",\"name\":\"Federico Rosei elected to the European Academy of Sciences | INRS\",\"isPartOf\":{\"@id\":\"https:\/\/dev.inrs.ca\/en\/#website\"},\"primaryImageOfPage\":{\"@id\":\"https:\/\/dev.inrs.ca\/en\/news\/federico-rosei-elected-to-the-european-academy-of-sciences\/#primaryimage\"},\"image\":{\"@id\":\"https:\/\/dev.inrs.ca\/en\/news\/federico-rosei-elected-to-the-european-academy-of-sciences\/#primaryimage\"},\"thumbnailUrl\":\"https:\/\/dev.inrs.ca\/wp-content\/uploads\/\/2020\/08\/rosei_federico_2_0.jpg\",\"datePublished\":\"2014-02-27T12:00:00+00:00\",\"dateModified\":\"2020-12-10T18:54:56+00:00\",\"author\":{\"@id\":\"https:\/\/dev.inrs.ca\/en\/#\/schema\/person\/3ca476fa13dfaddd95ebd8f26337ed0f\"},\"description\":\"Professor\u00a0Federico Rosei, director of the INRS \u00c9nergie Mat\u00e9riaux T\u00e9l\u00e9communications research centre, has been elected to the European Academy of\",\"breadcrumb\":{\"@id\":\"https:\/\/dev.inrs.ca\/en\/news\/federico-rosei-elected-to-the-european-academy-of-sciences\/#breadcrumb\"},\"inLanguage\":\"en-CA\",\"potentialAction\":[{\"@type\":\"ReadAction\",\"target\":[\"https:\/\/dev.inrs.ca\/en\/news\/federico-rosei-elected-to-the-european-academy-of-sciences\/\"]}]},{\"@type\":\"ImageObject\",\"inLanguage\":\"en-CA\",\"@id\":\"https:\/\/dev.inrs.ca\/en\/news\/federico-rosei-elected-to-the-european-academy-of-sciences\/#primaryimage\",\"url\":\"https:\/\/dev.inrs.ca\/wp-content\/uploads\/\/2020\/08\/rosei_federico_2_0.jpg\",\"contentUrl\":\"https:\/\/dev.inrs.ca\/wp-content\/uploads\/\/2020\/08\/rosei_federico_2_0.jpg\",\"width\":230,\"height\":181},{\"@type\":\"BreadcrumbList\",\"@id\":\"https:\/\/dev.inrs.ca\/en\/news\/federico-rosei-elected-to-the-european-academy-of-sciences\/#breadcrumb\",\"itemListElement\":[{\"@type\":\"ListItem\",\"position\":1,\"name\":\"INRS\",\"item\":\"https:\/\/dev.inrs.ca\/linrs\/\"},{\"@type\":\"ListItem\",\"position\":2,\"name\":\"Newsroom\",\"item\":\"https:\/\/dev.inrs.ca\/linrs\/salle-de-nouvelles\/\"},{\"@type\":\"ListItem\",\"position\":3,\"name\":\"News\",\"item\":\"https:\/\/dev.inrs.ca\/linrs\/salle-de-nouvelles\/actualites\/\"},{\"@type\":\"ListItem\",\"position\":4,\"name\":\"Federico Rosei elected to the European Academy of Sciences\"}]},{\"@type\":\"WebSite\",\"@id\":\"https:\/\/dev.inrs.ca\/en\/#website\",\"url\":\"https:\/\/dev.inrs.ca\/en\/\",\"name\":\"INRS\",\"description\":\"Institut national de la recherche scientifique\",\"potentialAction\":[{\"@type\":\"SearchAction\",\"target\":{\"@type\":\"EntryPoint\",\"urlTemplate\":\"https:\/\/dev.inrs.ca\/en\/?s={search_term_string}\"},\"query-input\":{\"@type\":\"PropertyValueSpecification\",\"valueRequired\":true,\"valueName\":\"search_term_string\"}}],\"inLanguage\":\"en-CA\"},{\"@type\":\"Person\",\"@id\":\"https:\/\/dev.inrs.ca\/en\/#\/schema\/person\/3ca476fa13dfaddd95ebd8f26337ed0f\",\"name\":\"inrsadmin\",\"image\":{\"@type\":\"ImageObject\",\"inLanguage\":\"en-CA\",\"@id\":\"https:\/\/dev.inrs.ca\/en\/#\/schema\/person\/image\/\",\"url\":\"https:\/\/secure.gravatar.com\/avatar\/40b736160f83ebb228ddc350b78913ad?s=96&d=mm&r=g\",\"contentUrl\":\"https:\/\/secure.gravatar.com\/avatar\/40b736160f83ebb228ddc350b78913ad?s=96&d=mm&r=g\",\"caption\":\"inrsadmin\"},\"url\":\"https:\/\/dev.inrs.ca\/en\/author\/inrsadmin\/\"}]}<\/script>\n<!-- \/ Yoast SEO Premium plugin. -->","yoast_head_json":{"title":"Federico Rosei elected to the European Academy of Sciences | INRS","description":"Professor\u00a0Federico Rosei, director of the INRS \u00c9nergie Mat\u00e9riaux T\u00e9l\u00e9communications research centre, has been elected to the European Academy of","robots":{"index":"noindex","follow":"follow","max-snippet":"max-snippet:-1","max-image-preview":"max-image-preview:large","max-video-preview":"max-video-preview:-1"},"og_locale":"en_US","og_type":"article","og_title":"Federico Rosei elected to the European Academy of Sciences | INRS","og_description":"Professor\u00a0Federico Rosei, director of the INRS \u00c9nergie Mat\u00e9riaux T\u00e9l\u00e9communications research centre, has been elected to the European Academy of","og_url":"https:\/\/dev.inrs.ca\/en\/news\/federico-rosei-elected-to-the-european-academy-of-sciences\/","og_site_name":"INRS","article_publisher":"https:\/\/www.facebook.com\/inrsciences\/","article_published_time":"2014-02-27T12:00:00+00:00","article_modified_time":"2020-12-10T18:54:56+00:00","author":"inrsadmin","twitter_card":"summary_large_image","twitter_creator":"@inrsciences","twitter_site":"@inrsciences","twitter_misc":{"Written by":"inrsadmin","Est. reading time":"2 minutes"},"schema":{"@context":"https:\/\/schema.org","@graph":[{"@type":"WebPage","@id":"https:\/\/dev.inrs.ca\/en\/news\/federico-rosei-elected-to-the-european-academy-of-sciences\/","url":"https:\/\/dev.inrs.ca\/en\/news\/federico-rosei-elected-to-the-european-academy-of-sciences\/","name":"Federico Rosei elected to the European Academy of Sciences | INRS","isPartOf":{"@id":"https:\/\/dev.inrs.ca\/en\/#website"},"primaryImageOfPage":{"@id":"https:\/\/dev.inrs.ca\/en\/news\/federico-rosei-elected-to-the-european-academy-of-sciences\/#primaryimage"},"image":{"@id":"https:\/\/dev.inrs.ca\/en\/news\/federico-rosei-elected-to-the-european-academy-of-sciences\/#primaryimage"},"thumbnailUrl":"https:\/\/dev.inrs.ca\/wp-content\/uploads\/\/2020\/08\/rosei_federico_2_0.jpg","datePublished":"2014-02-27T12:00:00+00:00","dateModified":"2020-12-10T18:54:56+00:00","author":{"@id":"https:\/\/dev.inrs.ca\/en\/#\/schema\/person\/3ca476fa13dfaddd95ebd8f26337ed0f"},"description":"Professor\u00a0Federico Rosei, director of the INRS \u00c9nergie Mat\u00e9riaux T\u00e9l\u00e9communications research centre, has been elected to the European Academy of","breadcrumb":{"@id":"https:\/\/dev.inrs.ca\/en\/news\/federico-rosei-elected-to-the-european-academy-of-sciences\/#breadcrumb"},"inLanguage":"en-CA","potentialAction":[{"@type":"ReadAction","target":["https:\/\/dev.inrs.ca\/en\/news\/federico-rosei-elected-to-the-european-academy-of-sciences\/"]}]},{"@type":"ImageObject","inLanguage":"en-CA","@id":"https:\/\/dev.inrs.ca\/en\/news\/federico-rosei-elected-to-the-european-academy-of-sciences\/#primaryimage","url":"https:\/\/dev.inrs.ca\/wp-content\/uploads\/\/2020\/08\/rosei_federico_2_0.jpg","contentUrl":"https:\/\/dev.inrs.ca\/wp-content\/uploads\/\/2020\/08\/rosei_federico_2_0.jpg","width":230,"height":181},{"@type":"BreadcrumbList","@id":"https:\/\/dev.inrs.ca\/en\/news\/federico-rosei-elected-to-the-european-academy-of-sciences\/#breadcrumb","itemListElement":[{"@type":"ListItem","position":1,"name":"INRS","item":"https:\/\/dev.inrs.ca\/linrs\/"},{"@type":"ListItem","position":2,"name":"Newsroom","item":"https:\/\/dev.inrs.ca\/linrs\/salle-de-nouvelles\/"},{"@type":"ListItem","position":3,"name":"News","item":"https:\/\/dev.inrs.ca\/linrs\/salle-de-nouvelles\/actualites\/"},{"@type":"ListItem","position":4,"name":"Federico Rosei elected to the European Academy of Sciences"}]},{"@type":"WebSite","@id":"https:\/\/dev.inrs.ca\/en\/#website","url":"https:\/\/dev.inrs.ca\/en\/","name":"INRS","description":"Institut national de la recherche scientifique","potentialAction":[{"@type":"SearchAction","target":{"@type":"EntryPoint","urlTemplate":"https:\/\/dev.inrs.ca\/en\/?s={search_term_string}"},"query-input":{"@type":"PropertyValueSpecification","valueRequired":true,"valueName":"search_term_string"}}],"inLanguage":"en-CA"},{"@type":"Person","@id":"https:\/\/dev.inrs.ca\/en\/#\/schema\/person\/3ca476fa13dfaddd95ebd8f26337ed0f","name":"inrsadmin","image":{"@type":"ImageObject","inLanguage":"en-CA","@id":"https:\/\/dev.inrs.ca\/en\/#\/schema\/person\/image\/","url":"https:\/\/secure.gravatar.com\/avatar\/40b736160f83ebb228ddc350b78913ad?s=96&d=mm&r=g","contentUrl":"https:\/\/secure.gravatar.com\/avatar\/40b736160f83ebb228ddc350b78913ad?s=96&d=mm&r=g","caption":"inrsadmin"},"url":"https:\/\/dev.inrs.ca\/en\/author\/inrsadmin\/"}]}},"_links":{"self":[{"href":"https:\/\/dev.inrs.ca\/en\/wp-json\/wp\/v2\/posts\/18592","targetHints":{"allow":["GET"]}}],"collection":[{"href":"https:\/\/dev.inrs.ca\/en\/wp-json\/wp\/v2\/posts"}],"about":[{"href":"https:\/\/dev.inrs.ca\/en\/wp-json\/wp\/v2\/types\/post"}],"author":[{"embeddable":true,"href":"https:\/\/dev.inrs.ca\/en\/wp-json\/wp\/v2\/users\/1"}],"replies":[{"embeddable":true,"href":"https:\/\/dev.inrs.ca\/en\/wp-json\/wp\/v2\/comments?post=18592"}],"version-history":[{"count":5,"href":"https:\/\/dev.inrs.ca\/en\/wp-json\/wp\/v2\/posts\/18592\/revisions"}],"predecessor-version":[{"id":38751,"href":"https:\/\/dev.inrs.ca\/en\/wp-json\/wp\/v2\/posts\/18592\/revisions\/38751"}],"wp:featuredmedia":[{"embeddable":true,"href":"https:\/\/dev.inrs.ca\/en\/wp-json\/wp\/v2\/media\/18593"}],"wp:attachment":[{"href":"https:\/\/dev.inrs.ca\/en\/wp-json\/wp\/v2\/media?parent=18592"}],"wp:term":[{"taxonomy":"category","embeddable":true,"href":"https:\/\/dev.inrs.ca\/en\/wp-json\/wp\/v2\/categories?post=18592"},{"taxonomy":"post_tag","embeddable":true,"href":"https:\/\/dev.inrs.ca\/en\/wp-json\/wp\/v2\/tags?post=18592"},{"taxonomy":"sectors","embeddable":true,"href":"https:\/\/dev.inrs.ca\/en\/wp-json\/wp\/v2\/sectors?post=18592"}],"curies":[{"name":"wp","href":"https:\/\/api.w.org\/{rel}","templated":true}]}}