{"id":18591,"date":"2014-03-10T12:00:00","date_gmt":"2014-03-10T12:00:00","guid":{"rendered":"https:\/\/dev.inrs.ca\/two-inrs-professors-elected-to-the-global-young-academy\/"},"modified":"2021-02-02T21:53:04","modified_gmt":"2021-02-03T02:53:04","slug":"two-inrs-professors-elected-to-the-global-young-academy","status":"publish","type":"post","link":"https:\/\/dev.inrs.ca\/en\/news\/two-inrs-professors-elected-to-the-global-young-academy\/","title":{"rendered":"Two INRS professors elected to the Global Young Academy"},"content":{"rendered":"<div class=\"single_entry_text\">\n<p><strong><a href=\"http:\/\/www.dev.inrs.ca\/english\/francois-legare\">Federico Rosei<\/a>, director of <a href=\"http:\/\/www.dev.inrs.ca\/english\/research-centres\/energie-materiaux-telecommunications-research-centre\">Centre \u00c9nergie Mat\u00e9riaux T\u00e9l\u00e9communications <\/a>at INRS, is proud to announce that two members of the centre\u2019s academic staff, <a href=\"http:\/\/www.emt.dev.inrs.ca\/francois-legare\">Fran\u00e7ois L\u00e9gar\u00e9<\/a> and <a href=\"http:\/\/www.emt.dev.inrs.ca\/fiorenzo-vetrone\">Fiorenzo Vetrone<\/a>, have been elected to the <a href=\"http:\/\/www.globalyoungacademy.net\/\" target=\"_blank\" rel=\"noopener noreferrer\">Global Young Academy <\/a>(GYA). This prestigious Berlin-based academy was created in 2010 and is made up of 155 young researchers from all six continents.<\/strong><\/p>\n<p>\u201cFran\u00e7ois et Fiorenzo are already top-notch researchers in ultrafast laser science and in nanoscience imaging, two fields that hold out great promise for society and tremendous potential in medicine. The admission of these two young researchers to the GYA attests not only to their talent, but also their knack for sharing their passion for science,\u201d said <a href=\"http:\/\/www.emt.dev.inrs.ca\/actualites\/des-chercheurs-de-linrs-a-la-global-young-academy\">Professor Rosei<\/a>, who joined this select club in 2013.<\/p>\n<p>Over the next four years, the two new members of the GYA will be called on to promote contact and collaboration among young scientists and contribute to the conversation on research and its impact on society.<\/p>\n<p>Professors L\u00e9gar\u00e9 and Vetrone are invited to attend the academy\u2019s next annual meeting in Chile in May 2014.<\/p>\n<p>Congratulations to these two rising stars on a trajectory of excellence!<\/p>\n<\/div>\n","protected":false},"excerpt":{"rendered":"<p>Federico Rosei, director of Centre \u00c9nergie Mat\u00e9riaux T\u00e9l\u00e9communications at INRS, is proud to announce that two members of the centre\u2019s academic staff, Fran\u00e7ois L\u00e9gar\u00e9 and Fiorenzo Vetrone, have been elected to the Global Young Academy (GYA). This prestigious Berlin-based academy was created in 2010 and is made up of 155 young researchers from all six [&hellip;]<\/p>\n","protected":false},"author":1,"featured_media":0,"comment_status":"open","ping_status":"open","sticky":false,"template":"","format":"standard","meta":{"_acf_changed":false,"footnotes":""},"categories":[737],"tags":[],"sectors":[735,731],"class_list":["post-18591","post","type-post","status-publish","format-standard","hentry","category-distinctions-en","sectors-energie-en","sectors-materiaux-en"],"acf":[],"yoast_head":"<!-- This site is optimized with the Yoast SEO Premium plugin v24.6 (Yoast SEO v24.6) - https:\/\/yoast.com\/wordpress\/plugins\/seo\/ -->\n<title>Two INRS professors elected to the Global Young Academy | INRS<\/title>\n<meta name=\"description\" content=\"Federico Rosei, director of Centre \u00c9nergie Mat\u00e9riaux T\u00e9l\u00e9communications at INRS, is proud to announce that two members of the centre\u2019s academic\" \/>\n<meta name=\"robots\" content=\"noindex, follow, max-snippet:-1, max-image-preview:large, max-video-preview:-1\" \/>\n<meta property=\"og:locale\" content=\"en_US\" \/>\n<meta property=\"og:type\" content=\"article\" \/>\n<meta property=\"og:title\" content=\"Two INRS professors elected to the Global Young Academy | INRS\" \/>\n<meta property=\"og:description\" content=\"Federico Rosei, director of Centre \u00c9nergie Mat\u00e9riaux T\u00e9l\u00e9communications at INRS, is proud to announce that two members of the centre\u2019s academic\" \/>\n<meta property=\"og:url\" content=\"https:\/\/dev.inrs.ca\/en\/news\/two-inrs-professors-elected-to-the-global-young-academy\/\" \/>\n<meta property=\"og:site_name\" content=\"INRS\" \/>\n<meta property=\"article:publisher\" content=\"https:\/\/www.facebook.com\/inrsciences\/\" \/>\n<meta property=\"article:published_time\" content=\"2014-03-10T12:00:00+00:00\" \/>\n<meta property=\"article:modified_time\" content=\"2021-02-03T02:53:04+00:00\" \/>\n<meta name=\"author\" content=\"inrsadmin\" \/>\n<meta name=\"twitter:card\" content=\"summary_large_image\" \/>\n<meta name=\"twitter:creator\" content=\"@inrsciences\" \/>\n<meta name=\"twitter:site\" content=\"@inrsciences\" \/>\n<meta name=\"twitter:label1\" content=\"Written by\" \/>\n\t<meta name=\"twitter:data1\" content=\"inrsadmin\" \/>\n\t<meta name=\"twitter:label2\" content=\"Est. reading time\" \/>\n\t<meta name=\"twitter:data2\" content=\"1 minute\" \/>\n<script type=\"application\/ld+json\" class=\"yoast-schema-graph\">{\"@context\":\"https:\/\/schema.org\",\"@graph\":[{\"@type\":\"WebPage\",\"@id\":\"https:\/\/dev.inrs.ca\/en\/news\/two-inrs-professors-elected-to-the-global-young-academy\/\",\"url\":\"https:\/\/dev.inrs.ca\/en\/news\/two-inrs-professors-elected-to-the-global-young-academy\/\",\"name\":\"Two INRS professors elected to the Global Young Academy | INRS\",\"isPartOf\":{\"@id\":\"https:\/\/dev.inrs.ca\/en\/#website\"},\"datePublished\":\"2014-03-10T12:00:00+00:00\",\"dateModified\":\"2021-02-03T02:53:04+00:00\",\"author\":{\"@id\":\"https:\/\/dev.inrs.ca\/en\/#\/schema\/person\/3ca476fa13dfaddd95ebd8f26337ed0f\"},\"description\":\"Federico Rosei, director of Centre \u00c9nergie Mat\u00e9riaux T\u00e9l\u00e9communications at INRS, is proud to announce that two members of the centre\u2019s academic\",\"breadcrumb\":{\"@id\":\"https:\/\/dev.inrs.ca\/en\/news\/two-inrs-professors-elected-to-the-global-young-academy\/#breadcrumb\"},\"inLanguage\":\"en-CA\",\"potentialAction\":[{\"@type\":\"ReadAction\",\"target\":[\"https:\/\/dev.inrs.ca\/en\/news\/two-inrs-professors-elected-to-the-global-young-academy\/\"]}]},{\"@type\":\"BreadcrumbList\",\"@id\":\"https:\/\/dev.inrs.ca\/en\/news\/two-inrs-professors-elected-to-the-global-young-academy\/#breadcrumb\",\"itemListElement\":[{\"@type\":\"ListItem\",\"position\":1,\"name\":\"INRS\",\"item\":\"https:\/\/dev.inrs.ca\/linrs\/\"},{\"@type\":\"ListItem\",\"position\":2,\"name\":\"Newsroom\",\"item\":\"https:\/\/dev.inrs.ca\/linrs\/salle-de-nouvelles\/\"},{\"@type\":\"ListItem\",\"position\":3,\"name\":\"News\",\"item\":\"https:\/\/dev.inrs.ca\/linrs\/salle-de-nouvelles\/actualites\/\"},{\"@type\":\"ListItem\",\"position\":4,\"name\":\"Two INRS professors elected to the Global Young Academy\"}]},{\"@type\":\"WebSite\",\"@id\":\"https:\/\/dev.inrs.ca\/en\/#website\",\"url\":\"https:\/\/dev.inrs.ca\/en\/\",\"name\":\"INRS\",\"description\":\"Institut national de la recherche scientifique\",\"potentialAction\":[{\"@type\":\"SearchAction\",\"target\":{\"@type\":\"EntryPoint\",\"urlTemplate\":\"https:\/\/dev.inrs.ca\/en\/?s={search_term_string}\"},\"query-input\":{\"@type\":\"PropertyValueSpecification\",\"valueRequired\":true,\"valueName\":\"search_term_string\"}}],\"inLanguage\":\"en-CA\"},{\"@type\":\"Person\",\"@id\":\"https:\/\/dev.inrs.ca\/en\/#\/schema\/person\/3ca476fa13dfaddd95ebd8f26337ed0f\",\"name\":\"inrsadmin\",\"image\":{\"@type\":\"ImageObject\",\"inLanguage\":\"en-CA\",\"@id\":\"https:\/\/dev.inrs.ca\/en\/#\/schema\/person\/image\/\",\"url\":\"https:\/\/secure.gravatar.com\/avatar\/40b736160f83ebb228ddc350b78913ad?s=96&d=mm&r=g\",\"contentUrl\":\"https:\/\/secure.gravatar.com\/avatar\/40b736160f83ebb228ddc350b78913ad?s=96&d=mm&r=g\",\"caption\":\"inrsadmin\"},\"url\":\"https:\/\/dev.inrs.ca\/en\/author\/inrsadmin\/\"}]}<\/script>\n<!-- \/ Yoast SEO Premium plugin. -->","yoast_head_json":{"title":"Two INRS professors elected to the Global Young Academy | INRS","description":"Federico Rosei, director of Centre \u00c9nergie Mat\u00e9riaux T\u00e9l\u00e9communications at INRS, is proud to announce that two members of the centre\u2019s academic","robots":{"index":"noindex","follow":"follow","max-snippet":"max-snippet:-1","max-image-preview":"max-image-preview:large","max-video-preview":"max-video-preview:-1"},"og_locale":"en_US","og_type":"article","og_title":"Two INRS professors elected to the Global Young Academy | INRS","og_description":"Federico Rosei, director of Centre \u00c9nergie Mat\u00e9riaux T\u00e9l\u00e9communications at INRS, is proud to announce that two members of the centre\u2019s academic","og_url":"https:\/\/dev.inrs.ca\/en\/news\/two-inrs-professors-elected-to-the-global-young-academy\/","og_site_name":"INRS","article_publisher":"https:\/\/www.facebook.com\/inrsciences\/","article_published_time":"2014-03-10T12:00:00+00:00","article_modified_time":"2021-02-03T02:53:04+00:00","author":"inrsadmin","twitter_card":"summary_large_image","twitter_creator":"@inrsciences","twitter_site":"@inrsciences","twitter_misc":{"Written by":"inrsadmin","Est. reading time":"1 minute"},"schema":{"@context":"https:\/\/schema.org","@graph":[{"@type":"WebPage","@id":"https:\/\/dev.inrs.ca\/en\/news\/two-inrs-professors-elected-to-the-global-young-academy\/","url":"https:\/\/dev.inrs.ca\/en\/news\/two-inrs-professors-elected-to-the-global-young-academy\/","name":"Two INRS professors elected to the Global Young Academy | INRS","isPartOf":{"@id":"https:\/\/dev.inrs.ca\/en\/#website"},"datePublished":"2014-03-10T12:00:00+00:00","dateModified":"2021-02-03T02:53:04+00:00","author":{"@id":"https:\/\/dev.inrs.ca\/en\/#\/schema\/person\/3ca476fa13dfaddd95ebd8f26337ed0f"},"description":"Federico Rosei, director of Centre \u00c9nergie Mat\u00e9riaux T\u00e9l\u00e9communications at INRS, is proud to announce that two members of the centre\u2019s academic","breadcrumb":{"@id":"https:\/\/dev.inrs.ca\/en\/news\/two-inrs-professors-elected-to-the-global-young-academy\/#breadcrumb"},"inLanguage":"en-CA","potentialAction":[{"@type":"ReadAction","target":["https:\/\/dev.inrs.ca\/en\/news\/two-inrs-professors-elected-to-the-global-young-academy\/"]}]},{"@type":"BreadcrumbList","@id":"https:\/\/dev.inrs.ca\/en\/news\/two-inrs-professors-elected-to-the-global-young-academy\/#breadcrumb","itemListElement":[{"@type":"ListItem","position":1,"name":"INRS","item":"https:\/\/dev.inrs.ca\/linrs\/"},{"@type":"ListItem","position":2,"name":"Newsroom","item":"https:\/\/dev.inrs.ca\/linrs\/salle-de-nouvelles\/"},{"@type":"ListItem","position":3,"name":"News","item":"https:\/\/dev.inrs.ca\/linrs\/salle-de-nouvelles\/actualites\/"},{"@type":"ListItem","position":4,"name":"Two INRS professors elected to the Global Young Academy"}]},{"@type":"WebSite","@id":"https:\/\/dev.inrs.ca\/en\/#website","url":"https:\/\/dev.inrs.ca\/en\/","name":"INRS","description":"Institut national de la recherche scientifique","potentialAction":[{"@type":"SearchAction","target":{"@type":"EntryPoint","urlTemplate":"https:\/\/dev.inrs.ca\/en\/?s={search_term_string}"},"query-input":{"@type":"PropertyValueSpecification","valueRequired":true,"valueName":"search_term_string"}}],"inLanguage":"en-CA"},{"@type":"Person","@id":"https:\/\/dev.inrs.ca\/en\/#\/schema\/person\/3ca476fa13dfaddd95ebd8f26337ed0f","name":"inrsadmin","image":{"@type":"ImageObject","inLanguage":"en-CA","@id":"https:\/\/dev.inrs.ca\/en\/#\/schema\/person\/image\/","url":"https:\/\/secure.gravatar.com\/avatar\/40b736160f83ebb228ddc350b78913ad?s=96&d=mm&r=g","contentUrl":"https:\/\/secure.gravatar.com\/avatar\/40b736160f83ebb228ddc350b78913ad?s=96&d=mm&r=g","caption":"inrsadmin"},"url":"https:\/\/dev.inrs.ca\/en\/author\/inrsadmin\/"}]}},"_links":{"self":[{"href":"https:\/\/dev.inrs.ca\/en\/wp-json\/wp\/v2\/posts\/18591","targetHints":{"allow":["GET"]}}],"collection":[{"href":"https:\/\/dev.inrs.ca\/en\/wp-json\/wp\/v2\/posts"}],"about":[{"href":"https:\/\/dev.inrs.ca\/en\/wp-json\/wp\/v2\/types\/post"}],"author":[{"embeddable":true,"href":"https:\/\/dev.inrs.ca\/en\/wp-json\/wp\/v2\/users\/1"}],"replies":[{"embeddable":true,"href":"https:\/\/dev.inrs.ca\/en\/wp-json\/wp\/v2\/comments?post=18591"}],"version-history":[{"count":2,"href":"https:\/\/dev.inrs.ca\/en\/wp-json\/wp\/v2\/posts\/18591\/revisions"}],"predecessor-version":[{"id":44783,"href":"https:\/\/dev.inrs.ca\/en\/wp-json\/wp\/v2\/posts\/18591\/revisions\/44783"}],"wp:attachment":[{"href":"https:\/\/dev.inrs.ca\/en\/wp-json\/wp\/v2\/media?parent=18591"}],"wp:term":[{"taxonomy":"category","embeddable":true,"href":"https:\/\/dev.inrs.ca\/en\/wp-json\/wp\/v2\/categories?post=18591"},{"taxonomy":"post_tag","embeddable":true,"href":"https:\/\/dev.inrs.ca\/en\/wp-json\/wp\/v2\/tags?post=18591"},{"taxonomy":"sectors","embeddable":true,"href":"https:\/\/dev.inrs.ca\/en\/wp-json\/wp\/v2\/sectors?post=18591"}],"curies":[{"name":"wp","href":"https:\/\/api.w.org\/{rel}","templated":true}]}}