{"id":18533,"date":"2015-04-08T12:00:00","date_gmt":"2015-04-08T12:00:00","guid":{"rendered":"https:\/\/dev.inrs.ca\/two-inrs-professors-appointed-to-the-global-young-academy\/"},"modified":"2020-11-25T17:06:05","modified_gmt":"2020-11-25T22:06:05","slug":"two-inrs-professors-appointed-to-the-global-young-academy","status":"publish","type":"post","link":"https:\/\/dev.inrs.ca\/en\/news\/two-inrs-professors-appointed-to-the-global-young-academy\/","title":{"rendered":"Two INRS professors appointed to the Global Young Academy"},"content":{"rendered":"\n<p><strong>Professors\u00a0<a href=\"https:\/\/dev.inrs.ca\/en\/research\/professors\/patrizio-antici\/\">Patrizio Antici<\/a>\u00a0and\u00a0<a href=\"https:\/\/dev.inrs.ca\/en\/research\/professors\/tiago-h-falk\/\">Tiago Falk<\/a><a href=\"http:\/\/www.emt.dev.inrs.ca\/tiago-h-falk\">\u00a0<\/a>of\u00a0Centre \u00c9nergie Mat\u00e9riaux T\u00e9l\u00e9communications\u00a0at INRS have been appointed to the\u00a0<a href=\"http:\/\/www.globalyoungacademy.net\/\" target=\"_blank\" rel=\"noreferrer noopener\">Global Young Academy<\/a>\u00a0(GYA) in recognition of their scientific excellence. Their admission to this select club also attests to their engagement in debates on research and its benefits to society.<\/strong><\/p>\n\n\n\n<div class=\"wp-block-image\"><figure class=\"aligncenter size-large is-resized\"><img loading=\"lazy\" decoding=\"async\" src=\"https:\/\/dev.inrs.ca\/wp-content\/uploads\/2020\/11\/NEWS_Two-INRS-professors-appointed-to-the-Global-Young-Academy_01.jpg\" alt=\"\" width=\"758\" height=\"456\"\/><\/figure><\/div>\n\n\n\n<blockquote class=\"wp-block-quote is-layout-flow wp-block-quote-is-layout-flow\"><p>\u201cProfessors Antici and Falk are talented researchers who have already distinguished themselves in fields that hold strong innovation potential, especially health and other big challenges. These inspiring young scientists are boldly and creatively seeking new solutions for society\u2019s problems.\u201d<\/p><cite>Professor\u00a0<a href=\"https:\/\/dev.inrs.ca\/en\/research\/professors\/federico-rosei\/\">Federico Rosei<\/a>, Director of the Centre \u00c9nergie Mat\u00e9riaux T\u00e9l\u00e9communications<\/cite><\/blockquote>\n\n\n\n<p>Professor\u00a0Antici\u00a0is helping to develop a new type of particle accelerator that will lead to new applications in areas like biomedicine, materials and cultural heritage, and also contribute to basic research in physics and astrophysics. Research by Professor\u00a0Falk\u00a0on intelligent human-computer interfaces adapted to user\u2019s mental states, health conditions, and environment are paving the way for the development of new assistive devices for individuals with disabilities and for new multimedia technologies.<\/p>\n\n\n\n<p>Professors\u00a0<a href=\"https:\/\/dev.inrs.ca\/en\/research\/professors\/patrizio-antici\/\">Antici<\/a> and\u00a0<a href=\"https:\/\/dev.inrs.ca\/en\/research\/professors\/tiago-h-falk\/\">Falk<\/a>\u00a0will be officially admitted at a ceremony held as part of the\u00a0<a href=\"http:\/\/www.gya-agm2015.ca\/\" target=\"_blank\" rel=\"noreferrer noopener\">5th International Conference of the Global Young Academy<\/a>. Under the theme of \u201cInnovation for Sustainable Globalization,\u201d this meeting will be held in Quebec for the first time from May 25 to 29, 2015. \u00a0Professors Federico Rosei and\u00a0<a href=\"https:\/\/dev.inrs.ca\/en\/research\/professors\/fiorenzo-vetrone\/\">Fiorenzo Vetrone<\/a>, fellow members of the GYA, serve on the event\u2019s organizing committee.<\/p>\n\n\n\n<p>Congratulations to these rising stars for their excellence and engagement! \u00a0<\/p>\n\n\n\n<h2 class=\"wp-block-heading\">About the GYA<\/h2>\n\n\n\n<p>Founded in 2010 and based in Berlin, the GYA is made up of nearly 200 young scientists from around the world who, for the duration of their four-year mandate, work together on issues of international scientific interest. One of their goals is promoting scientific exchanges and collaboration between talented young scientists in developed and developing countries.<\/p>\n","protected":false},"excerpt":{"rendered":"<p>Professors\u00a0Patrizio Antici\u00a0and\u00a0Tiago Falk\u00a0of\u00a0Centre \u00c9nergie Mat\u00e9riaux T\u00e9l\u00e9communications\u00a0at INRS have been appointed to the\u00a0Global Young Academy\u00a0(GYA) in recognition of their scientific excellence. Their admission to this select club also attests to their engagement in debates on research and its benefits to society. \u201cProfessors Antici and Falk are talented researchers who have already distinguished themselves in fields that [&hellip;]<\/p>\n","protected":false},"author":1,"featured_media":35677,"comment_status":"open","ping_status":"open","sticky":false,"template":"","format":"standard","meta":{"_acf_changed":false,"footnotes":""},"categories":[737],"tags":[],"sectors":[735,731,733],"class_list":["post-18533","post","type-post","status-publish","format-standard","has-post-thumbnail","hentry","category-distinctions-en","sectors-energie-en","sectors-materiaux-en","sectors-telecommunications-en"],"acf":[],"yoast_head":"<!-- This site is optimized with the Yoast SEO Premium plugin v24.6 (Yoast SEO v24.6) - https:\/\/yoast.com\/wordpress\/plugins\/seo\/ -->\n<title>Two INRS professors appointed to the Global Young Academy | INRS<\/title>\n<meta name=\"description\" content=\"Professors Patrizio Antici and Tiago Falk of Centre \u00c9nergie Mat\u00e9riaux T\u00e9l\u00e9communications at INRS have been appointed to the Global Young Academy\" \/>\n<meta name=\"robots\" content=\"noindex, follow, max-snippet:-1, max-image-preview:large, max-video-preview:-1\" \/>\n<meta property=\"og:locale\" content=\"en_US\" \/>\n<meta property=\"og:type\" content=\"article\" \/>\n<meta property=\"og:title\" content=\"Two INRS professors appointed to the Global Young Academy | INRS\" \/>\n<meta property=\"og:description\" content=\"Professors Patrizio Antici and Tiago Falk of Centre \u00c9nergie Mat\u00e9riaux T\u00e9l\u00e9communications at INRS have been appointed to the Global Young Academy\" \/>\n<meta property=\"og:url\" content=\"https:\/\/dev.inrs.ca\/en\/news\/two-inrs-professors-appointed-to-the-global-young-academy\/\" \/>\n<meta property=\"og:site_name\" content=\"INRS\" \/>\n<meta property=\"article:publisher\" content=\"https:\/\/www.facebook.com\/inrsciences\/\" \/>\n<meta property=\"article:published_time\" content=\"2015-04-08T12:00:00+00:00\" \/>\n<meta property=\"article:modified_time\" content=\"2020-11-25T22:06:05+00:00\" \/>\n<meta property=\"og:image\" content=\"https:\/\/dev.inrs.ca\/wp-content\/uploads\/2020\/11\/NEWS_Two-INRS-professors-appointed-to-the-Global-Young-Academy_01.jpg\" \/>\n\t<meta property=\"og:image:width\" content=\"640\" \/>\n\t<meta property=\"og:image:height\" content=\"385\" \/>\n\t<meta property=\"og:image:type\" content=\"image\/jpeg\" \/>\n<meta name=\"author\" content=\"inrsadmin\" \/>\n<meta name=\"twitter:card\" content=\"summary_large_image\" \/>\n<meta name=\"twitter:creator\" content=\"@inrsciences\" \/>\n<meta name=\"twitter:site\" content=\"@inrsciences\" \/>\n<meta name=\"twitter:label1\" content=\"Written by\" \/>\n\t<meta name=\"twitter:data1\" content=\"inrsadmin\" \/>\n\t<meta name=\"twitter:label2\" content=\"Est. reading time\" \/>\n\t<meta name=\"twitter:data2\" content=\"2 minutes\" \/>\n<script type=\"application\/ld+json\" class=\"yoast-schema-graph\">{\"@context\":\"https:\/\/schema.org\",\"@graph\":[{\"@type\":\"WebPage\",\"@id\":\"https:\/\/dev.inrs.ca\/en\/news\/two-inrs-professors-appointed-to-the-global-young-academy\/\",\"url\":\"https:\/\/dev.inrs.ca\/en\/news\/two-inrs-professors-appointed-to-the-global-young-academy\/\",\"name\":\"Two INRS professors appointed to the Global Young Academy | INRS\",\"isPartOf\":{\"@id\":\"https:\/\/dev.inrs.ca\/en\/#website\"},\"primaryImageOfPage\":{\"@id\":\"https:\/\/dev.inrs.ca\/en\/news\/two-inrs-professors-appointed-to-the-global-young-academy\/#primaryimage\"},\"image\":{\"@id\":\"https:\/\/dev.inrs.ca\/en\/news\/two-inrs-professors-appointed-to-the-global-young-academy\/#primaryimage\"},\"thumbnailUrl\":\"https:\/\/dev.inrs.ca\/wp-content\/uploads\/2020\/11\/NEWS_Two-INRS-professors-appointed-to-the-Global-Young-Academy_01.jpg\",\"datePublished\":\"2015-04-08T12:00:00+00:00\",\"dateModified\":\"2020-11-25T22:06:05+00:00\",\"author\":{\"@id\":\"https:\/\/dev.inrs.ca\/en\/#\/schema\/person\/3ca476fa13dfaddd95ebd8f26337ed0f\"},\"description\":\"Professors Patrizio Antici and Tiago Falk of Centre \u00c9nergie Mat\u00e9riaux T\u00e9l\u00e9communications at INRS have been appointed to the Global Young Academy\",\"breadcrumb\":{\"@id\":\"https:\/\/dev.inrs.ca\/en\/news\/two-inrs-professors-appointed-to-the-global-young-academy\/#breadcrumb\"},\"inLanguage\":\"en-CA\",\"potentialAction\":[{\"@type\":\"ReadAction\",\"target\":[\"https:\/\/dev.inrs.ca\/en\/news\/two-inrs-professors-appointed-to-the-global-young-academy\/\"]}]},{\"@type\":\"ImageObject\",\"inLanguage\":\"en-CA\",\"@id\":\"https:\/\/dev.inrs.ca\/en\/news\/two-inrs-professors-appointed-to-the-global-young-academy\/#primaryimage\",\"url\":\"https:\/\/dev.inrs.ca\/wp-content\/uploads\/2020\/11\/NEWS_Two-INRS-professors-appointed-to-the-Global-Young-Academy_01.jpg\",\"contentUrl\":\"https:\/\/dev.inrs.ca\/wp-content\/uploads\/2020\/11\/NEWS_Two-INRS-professors-appointed-to-the-Global-Young-Academy_01.jpg\",\"width\":640,\"height\":385},{\"@type\":\"BreadcrumbList\",\"@id\":\"https:\/\/dev.inrs.ca\/en\/news\/two-inrs-professors-appointed-to-the-global-young-academy\/#breadcrumb\",\"itemListElement\":[{\"@type\":\"ListItem\",\"position\":1,\"name\":\"INRS\",\"item\":\"https:\/\/dev.inrs.ca\/linrs\/\"},{\"@type\":\"ListItem\",\"position\":2,\"name\":\"Newsroom\",\"item\":\"https:\/\/dev.inrs.ca\/linrs\/salle-de-nouvelles\/\"},{\"@type\":\"ListItem\",\"position\":3,\"name\":\"News\",\"item\":\"https:\/\/dev.inrs.ca\/linrs\/salle-de-nouvelles\/actualites\/\"},{\"@type\":\"ListItem\",\"position\":4,\"name\":\"Two INRS professors appointed to the Global Young Academy\"}]},{\"@type\":\"WebSite\",\"@id\":\"https:\/\/dev.inrs.ca\/en\/#website\",\"url\":\"https:\/\/dev.inrs.ca\/en\/\",\"name\":\"INRS\",\"description\":\"Institut national de la recherche scientifique\",\"potentialAction\":[{\"@type\":\"SearchAction\",\"target\":{\"@type\":\"EntryPoint\",\"urlTemplate\":\"https:\/\/dev.inrs.ca\/en\/?s={search_term_string}\"},\"query-input\":{\"@type\":\"PropertyValueSpecification\",\"valueRequired\":true,\"valueName\":\"search_term_string\"}}],\"inLanguage\":\"en-CA\"},{\"@type\":\"Person\",\"@id\":\"https:\/\/dev.inrs.ca\/en\/#\/schema\/person\/3ca476fa13dfaddd95ebd8f26337ed0f\",\"name\":\"inrsadmin\",\"image\":{\"@type\":\"ImageObject\",\"inLanguage\":\"en-CA\",\"@id\":\"https:\/\/dev.inrs.ca\/en\/#\/schema\/person\/image\/\",\"url\":\"https:\/\/secure.gravatar.com\/avatar\/40b736160f83ebb228ddc350b78913ad?s=96&d=mm&r=g\",\"contentUrl\":\"https:\/\/secure.gravatar.com\/avatar\/40b736160f83ebb228ddc350b78913ad?s=96&d=mm&r=g\",\"caption\":\"inrsadmin\"},\"url\":\"https:\/\/dev.inrs.ca\/en\/author\/inrsadmin\/\"}]}<\/script>\n<!-- \/ Yoast SEO Premium plugin. -->","yoast_head_json":{"title":"Two INRS professors appointed to the Global Young Academy | INRS","description":"Professors Patrizio Antici and Tiago Falk of Centre \u00c9nergie Mat\u00e9riaux T\u00e9l\u00e9communications at INRS have been appointed to the Global Young Academy","robots":{"index":"noindex","follow":"follow","max-snippet":"max-snippet:-1","max-image-preview":"max-image-preview:large","max-video-preview":"max-video-preview:-1"},"og_locale":"en_US","og_type":"article","og_title":"Two INRS professors appointed to the Global Young Academy | INRS","og_description":"Professors Patrizio Antici and Tiago Falk of Centre \u00c9nergie Mat\u00e9riaux T\u00e9l\u00e9communications at INRS have been appointed to the Global Young Academy","og_url":"https:\/\/dev.inrs.ca\/en\/news\/two-inrs-professors-appointed-to-the-global-young-academy\/","og_site_name":"INRS","article_publisher":"https:\/\/www.facebook.com\/inrsciences\/","article_published_time":"2015-04-08T12:00:00+00:00","article_modified_time":"2020-11-25T22:06:05+00:00","og_image":[{"width":640,"height":385,"url":"https:\/\/dev.inrs.ca\/wp-content\/uploads\/2020\/11\/NEWS_Two-INRS-professors-appointed-to-the-Global-Young-Academy_01.jpg","type":"image\/jpeg"}],"author":"inrsadmin","twitter_card":"summary_large_image","twitter_creator":"@inrsciences","twitter_site":"@inrsciences","twitter_misc":{"Written by":"inrsadmin","Est. reading time":"2 minutes"},"schema":{"@context":"https:\/\/schema.org","@graph":[{"@type":"WebPage","@id":"https:\/\/dev.inrs.ca\/en\/news\/two-inrs-professors-appointed-to-the-global-young-academy\/","url":"https:\/\/dev.inrs.ca\/en\/news\/two-inrs-professors-appointed-to-the-global-young-academy\/","name":"Two INRS professors appointed to the Global Young Academy | INRS","isPartOf":{"@id":"https:\/\/dev.inrs.ca\/en\/#website"},"primaryImageOfPage":{"@id":"https:\/\/dev.inrs.ca\/en\/news\/two-inrs-professors-appointed-to-the-global-young-academy\/#primaryimage"},"image":{"@id":"https:\/\/dev.inrs.ca\/en\/news\/two-inrs-professors-appointed-to-the-global-young-academy\/#primaryimage"},"thumbnailUrl":"https:\/\/dev.inrs.ca\/wp-content\/uploads\/2020\/11\/NEWS_Two-INRS-professors-appointed-to-the-Global-Young-Academy_01.jpg","datePublished":"2015-04-08T12:00:00+00:00","dateModified":"2020-11-25T22:06:05+00:00","author":{"@id":"https:\/\/dev.inrs.ca\/en\/#\/schema\/person\/3ca476fa13dfaddd95ebd8f26337ed0f"},"description":"Professors Patrizio Antici and Tiago Falk of Centre \u00c9nergie Mat\u00e9riaux T\u00e9l\u00e9communications at INRS have been appointed to the Global Young Academy","breadcrumb":{"@id":"https:\/\/dev.inrs.ca\/en\/news\/two-inrs-professors-appointed-to-the-global-young-academy\/#breadcrumb"},"inLanguage":"en-CA","potentialAction":[{"@type":"ReadAction","target":["https:\/\/dev.inrs.ca\/en\/news\/two-inrs-professors-appointed-to-the-global-young-academy\/"]}]},{"@type":"ImageObject","inLanguage":"en-CA","@id":"https:\/\/dev.inrs.ca\/en\/news\/two-inrs-professors-appointed-to-the-global-young-academy\/#primaryimage","url":"https:\/\/dev.inrs.ca\/wp-content\/uploads\/2020\/11\/NEWS_Two-INRS-professors-appointed-to-the-Global-Young-Academy_01.jpg","contentUrl":"https:\/\/dev.inrs.ca\/wp-content\/uploads\/2020\/11\/NEWS_Two-INRS-professors-appointed-to-the-Global-Young-Academy_01.jpg","width":640,"height":385},{"@type":"BreadcrumbList","@id":"https:\/\/dev.inrs.ca\/en\/news\/two-inrs-professors-appointed-to-the-global-young-academy\/#breadcrumb","itemListElement":[{"@type":"ListItem","position":1,"name":"INRS","item":"https:\/\/dev.inrs.ca\/linrs\/"},{"@type":"ListItem","position":2,"name":"Newsroom","item":"https:\/\/dev.inrs.ca\/linrs\/salle-de-nouvelles\/"},{"@type":"ListItem","position":3,"name":"News","item":"https:\/\/dev.inrs.ca\/linrs\/salle-de-nouvelles\/actualites\/"},{"@type":"ListItem","position":4,"name":"Two INRS professors appointed to the Global Young Academy"}]},{"@type":"WebSite","@id":"https:\/\/dev.inrs.ca\/en\/#website","url":"https:\/\/dev.inrs.ca\/en\/","name":"INRS","description":"Institut national de la recherche scientifique","potentialAction":[{"@type":"SearchAction","target":{"@type":"EntryPoint","urlTemplate":"https:\/\/dev.inrs.ca\/en\/?s={search_term_string}"},"query-input":{"@type":"PropertyValueSpecification","valueRequired":true,"valueName":"search_term_string"}}],"inLanguage":"en-CA"},{"@type":"Person","@id":"https:\/\/dev.inrs.ca\/en\/#\/schema\/person\/3ca476fa13dfaddd95ebd8f26337ed0f","name":"inrsadmin","image":{"@type":"ImageObject","inLanguage":"en-CA","@id":"https:\/\/dev.inrs.ca\/en\/#\/schema\/person\/image\/","url":"https:\/\/secure.gravatar.com\/avatar\/40b736160f83ebb228ddc350b78913ad?s=96&d=mm&r=g","contentUrl":"https:\/\/secure.gravatar.com\/avatar\/40b736160f83ebb228ddc350b78913ad?s=96&d=mm&r=g","caption":"inrsadmin"},"url":"https:\/\/dev.inrs.ca\/en\/author\/inrsadmin\/"}]}},"_links":{"self":[{"href":"https:\/\/dev.inrs.ca\/en\/wp-json\/wp\/v2\/posts\/18533","targetHints":{"allow":["GET"]}}],"collection":[{"href":"https:\/\/dev.inrs.ca\/en\/wp-json\/wp\/v2\/posts"}],"about":[{"href":"https:\/\/dev.inrs.ca\/en\/wp-json\/wp\/v2\/types\/post"}],"author":[{"embeddable":true,"href":"https:\/\/dev.inrs.ca\/en\/wp-json\/wp\/v2\/users\/1"}],"replies":[{"embeddable":true,"href":"https:\/\/dev.inrs.ca\/en\/wp-json\/wp\/v2\/comments?post=18533"}],"version-history":[{"count":5,"href":"https:\/\/dev.inrs.ca\/en\/wp-json\/wp\/v2\/posts\/18533\/revisions"}],"predecessor-version":[{"id":35693,"href":"https:\/\/dev.inrs.ca\/en\/wp-json\/wp\/v2\/posts\/18533\/revisions\/35693"}],"wp:featuredmedia":[{"embeddable":true,"href":"https:\/\/dev.inrs.ca\/en\/wp-json\/wp\/v2\/media\/35677"}],"wp:attachment":[{"href":"https:\/\/dev.inrs.ca\/en\/wp-json\/wp\/v2\/media?parent=18533"}],"wp:term":[{"taxonomy":"category","embeddable":true,"href":"https:\/\/dev.inrs.ca\/en\/wp-json\/wp\/v2\/categories?post=18533"},{"taxonomy":"post_tag","embeddable":true,"href":"https:\/\/dev.inrs.ca\/en\/wp-json\/wp\/v2\/tags?post=18533"},{"taxonomy":"sectors","embeddable":true,"href":"https:\/\/dev.inrs.ca\/en\/wp-json\/wp\/v2\/sectors?post=18533"}],"curies":[{"name":"wp","href":"https:\/\/api.w.org\/{rel}","templated":true}]}}