{"id":18385,"date":"2017-02-08T12:00:00","date_gmt":"2017-02-08T17:00:00","guid":{"rendered":"https:\/\/dev.inrs.ca\/professor-emanuele-orgiu-joins-the-young-academy-of-europe\/"},"modified":"2020-11-16T14:18:14","modified_gmt":"2020-11-16T19:18:14","slug":"professor-emanuele-orgiu-joins-the-young-academy-of-europe","status":"publish","type":"post","link":"https:\/\/dev.inrs.ca\/en\/news\/professor-emanuele-orgiu-joins-the-young-academy-of-europe\/","title":{"rendered":"Professor Emanuele Orgiu joins the Young Academy of Europe"},"content":{"rendered":"<div class=\"single_entry_text\">\n<div><strong>Professor <a href=\"http:\/\/www.emt.dev.inrs.ca\/emanuele-orgiu\" target=\"_blank\" rel=\"noopener noreferrer\">Emanuele Orgiu<\/a>, who recently came to the INRS Centre \u00c9nergie Mat\u00e9riaux T\u00e9l\u00e9communications, is part of the new cohort of young researchers admitted to the Young Academy of Europe. He was recognized by his peers for his scientific excellence and accomplishments.<\/strong><\/div>\n<div>\u00a0<\/div>\n<div><a href=\"\/sites\/default\/files\/actualites-images\/centre_emt\/orgiu_emanuele.png\" class=\"broken_link\"><img decoding=\"async\" alt=\"\" class=\"lightbox\" src=\"\/sites\/default\/files\/actualites-images\/centre_emt\/orgiu_emanuele.png\" style=\"width: 204px; height: 160px; float: left; padding-right:10px; padding-bottom:10px;\"\/><\/a>Among his many accomplishments, Professor Orgiu coordinated the extensive and multidisciplinary European project <a href=\"http:\/\/upgrade.u-strasbg.fr\/\" target=\"_blank\" rel=\"noopener noreferrer\">Bottom-Up Blueprinting Graphene Based Electronics<\/a> (UPGRADE) from 2013 to 2016. This project, worth 1.3 M\u20ac ~1.8 M$, brought together groups from France, Germany, Italy, and Belgium to study a new bottom-up approach to generate graphene nanoribbons that, unlike pristine graphene, \u00a0display unique semiconducting properties with potential uses in information and communication technologies. \u00a0<\/div>\n<div>\u00a0<\/div>\n<div>Professor Orgiu\u2019s scientific excellence was also acknowledged by the Royal Society of Chemistry (RSC), which named him Emerging Investigator twice in recent years for his research on charge transport in semiconducting molecules and assemblies.\u00a0<\/div>\n<div>\u00a0<\/div>\n<div><strong>The Young Academy of Europe<\/strong><\/div>\n<div>The <a href=\"http:\/\/yacadeuro.org\/about\/#sthash.ASvkpkAD.dpbs\" target=\"_blank\" rel=\"noopener noreferrer\">Young Academy of Europe<\/a> brings together young European scientists and researchers that want to be part of a network that discusses science and scientific policies in the European Union to advance science for future generations. The academy\u2019s next annual meeting will be held in Budapest September 4\u20136, 2017.\u00a0<span style=\"color: rgb(0, 0, 0); font-family: Arial, Helvetica, sans-serif; font-size: 12px;\">\u2666<\/span><\/div>\n<div>\u00a0<\/div>\n<\/div>\n","protected":false},"excerpt":{"rendered":"<p>Professor Emanuele Orgiu, who recently came to the INRS Centre \u00c9nergie Mat\u00e9riaux T\u00e9l\u00e9communications, is part of the new cohort of young researchers admitted to the Young Academy of Europe. He was recognized by his peers for his scientific excellence and accomplishments.<\/p>\n","protected":false},"author":1,"featured_media":18386,"comment_status":"open","ping_status":"open","sticky":false,"template":"","format":"standard","meta":{"_acf_changed":false,"footnotes":""},"categories":[737],"tags":[],"sectors":[],"class_list":["post-18385","post","type-post","status-publish","format-standard","has-post-thumbnail","hentry","category-distinctions-en"],"acf":[],"yoast_head":"<!-- This site is optimized with the Yoast SEO Premium plugin v24.6 (Yoast SEO v24.6) - https:\/\/yoast.com\/wordpress\/plugins\/seo\/ -->\n<title>Professor Emanuele Orgiu joins the Young Academy of Europe | INRS<\/title>\n<meta name=\"description\" content=\"Professor Emanuele Orgiu, who recently came to the INRS Centre \u00c9nergie Mat\u00e9riaux T\u00e9l\u00e9communications, is part of the new cohort of young researcher\" \/>\n<meta name=\"robots\" content=\"noindex, follow, max-snippet:-1, max-image-preview:large, max-video-preview:-1\" \/>\n<meta property=\"og:locale\" content=\"en_US\" \/>\n<meta property=\"og:type\" content=\"article\" \/>\n<meta property=\"og:title\" content=\"Professor Emanuele Orgiu joins the Young Academy of Europe | INRS\" \/>\n<meta property=\"og:description\" content=\"Professor Emanuele Orgiu, who recently came to the INRS Centre \u00c9nergie Mat\u00e9riaux T\u00e9l\u00e9communications, is part of the new cohort of young researcher\" \/>\n<meta property=\"og:url\" content=\"https:\/\/dev.inrs.ca\/en\/news\/professor-emanuele-orgiu-joins-the-young-academy-of-europe\/\" \/>\n<meta property=\"og:site_name\" content=\"INRS\" \/>\n<meta property=\"article:publisher\" content=\"https:\/\/www.facebook.com\/inrsciences\/\" \/>\n<meta property=\"article:published_time\" content=\"2017-02-08T17:00:00+00:00\" \/>\n<meta property=\"article:modified_time\" content=\"2020-11-16T19:18:14+00:00\" \/>\n<meta property=\"og:image\" content=\"https:\/\/dev.inrs.ca\/wp-content\/uploads\/\/2020\/08\/orgiu_emanuele.png\" \/>\n\t<meta property=\"og:image:width\" content=\"640\" \/>\n\t<meta property=\"og:image:height\" content=\"503\" \/>\n\t<meta property=\"og:image:type\" content=\"image\/png\" \/>\n<meta name=\"author\" content=\"inrsadmin\" \/>\n<meta name=\"twitter:card\" content=\"summary_large_image\" \/>\n<meta name=\"twitter:creator\" content=\"@inrsciences\" \/>\n<meta name=\"twitter:site\" content=\"@inrsciences\" \/>\n<meta name=\"twitter:label1\" content=\"Written by\" \/>\n\t<meta name=\"twitter:data1\" content=\"inrsadmin\" \/>\n\t<meta name=\"twitter:label2\" content=\"Est. reading time\" \/>\n\t<meta name=\"twitter:data2\" content=\"1 minute\" \/>\n<script type=\"application\/ld+json\" class=\"yoast-schema-graph\">{\"@context\":\"https:\/\/schema.org\",\"@graph\":[{\"@type\":\"WebPage\",\"@id\":\"https:\/\/dev.inrs.ca\/en\/news\/professor-emanuele-orgiu-joins-the-young-academy-of-europe\/\",\"url\":\"https:\/\/dev.inrs.ca\/en\/news\/professor-emanuele-orgiu-joins-the-young-academy-of-europe\/\",\"name\":\"Professor Emanuele Orgiu joins the Young Academy of Europe | INRS\",\"isPartOf\":{\"@id\":\"https:\/\/dev.inrs.ca\/en\/#website\"},\"primaryImageOfPage\":{\"@id\":\"https:\/\/dev.inrs.ca\/en\/news\/professor-emanuele-orgiu-joins-the-young-academy-of-europe\/#primaryimage\"},\"image\":{\"@id\":\"https:\/\/dev.inrs.ca\/en\/news\/professor-emanuele-orgiu-joins-the-young-academy-of-europe\/#primaryimage\"},\"thumbnailUrl\":\"https:\/\/dev.inrs.ca\/wp-content\/uploads\/\/2020\/08\/orgiu_emanuele.png\",\"datePublished\":\"2017-02-08T17:00:00+00:00\",\"dateModified\":\"2020-11-16T19:18:14+00:00\",\"author\":{\"@id\":\"https:\/\/dev.inrs.ca\/en\/#\/schema\/person\/3ca476fa13dfaddd95ebd8f26337ed0f\"},\"description\":\"Professor Emanuele Orgiu, who recently came to the INRS Centre \u00c9nergie Mat\u00e9riaux T\u00e9l\u00e9communications, is part of the new cohort of young researcher\",\"breadcrumb\":{\"@id\":\"https:\/\/dev.inrs.ca\/en\/news\/professor-emanuele-orgiu-joins-the-young-academy-of-europe\/#breadcrumb\"},\"inLanguage\":\"en-CA\",\"potentialAction\":[{\"@type\":\"ReadAction\",\"target\":[\"https:\/\/dev.inrs.ca\/en\/news\/professor-emanuele-orgiu-joins-the-young-academy-of-europe\/\"]}]},{\"@type\":\"ImageObject\",\"inLanguage\":\"en-CA\",\"@id\":\"https:\/\/dev.inrs.ca\/en\/news\/professor-emanuele-orgiu-joins-the-young-academy-of-europe\/#primaryimage\",\"url\":\"https:\/\/dev.inrs.ca\/wp-content\/uploads\/\/2020\/08\/orgiu_emanuele.png\",\"contentUrl\":\"https:\/\/dev.inrs.ca\/wp-content\/uploads\/\/2020\/08\/orgiu_emanuele.png\",\"width\":640,\"height\":503},{\"@type\":\"BreadcrumbList\",\"@id\":\"https:\/\/dev.inrs.ca\/en\/news\/professor-emanuele-orgiu-joins-the-young-academy-of-europe\/#breadcrumb\",\"itemListElement\":[{\"@type\":\"ListItem\",\"position\":1,\"name\":\"INRS\",\"item\":\"https:\/\/dev.inrs.ca\/linrs\/\"},{\"@type\":\"ListItem\",\"position\":2,\"name\":\"Newsroom\",\"item\":\"https:\/\/dev.inrs.ca\/linrs\/salle-de-nouvelles\/\"},{\"@type\":\"ListItem\",\"position\":3,\"name\":\"News\",\"item\":\"https:\/\/dev.inrs.ca\/linrs\/salle-de-nouvelles\/actualites\/\"},{\"@type\":\"ListItem\",\"position\":4,\"name\":\"Professor Emanuele Orgiu joins the Young Academy of Europe\"}]},{\"@type\":\"WebSite\",\"@id\":\"https:\/\/dev.inrs.ca\/en\/#website\",\"url\":\"https:\/\/dev.inrs.ca\/en\/\",\"name\":\"INRS\",\"description\":\"Institut national de la recherche scientifique\",\"potentialAction\":[{\"@type\":\"SearchAction\",\"target\":{\"@type\":\"EntryPoint\",\"urlTemplate\":\"https:\/\/dev.inrs.ca\/en\/?s={search_term_string}\"},\"query-input\":{\"@type\":\"PropertyValueSpecification\",\"valueRequired\":true,\"valueName\":\"search_term_string\"}}],\"inLanguage\":\"en-CA\"},{\"@type\":\"Person\",\"@id\":\"https:\/\/dev.inrs.ca\/en\/#\/schema\/person\/3ca476fa13dfaddd95ebd8f26337ed0f\",\"name\":\"inrsadmin\",\"image\":{\"@type\":\"ImageObject\",\"inLanguage\":\"en-CA\",\"@id\":\"https:\/\/dev.inrs.ca\/en\/#\/schema\/person\/image\/\",\"url\":\"https:\/\/secure.gravatar.com\/avatar\/40b736160f83ebb228ddc350b78913ad?s=96&d=mm&r=g\",\"contentUrl\":\"https:\/\/secure.gravatar.com\/avatar\/40b736160f83ebb228ddc350b78913ad?s=96&d=mm&r=g\",\"caption\":\"inrsadmin\"},\"url\":\"https:\/\/dev.inrs.ca\/en\/author\/inrsadmin\/\"}]}<\/script>\n<!-- \/ Yoast SEO Premium plugin. -->","yoast_head_json":{"title":"Professor Emanuele Orgiu joins the Young Academy of Europe | INRS","description":"Professor Emanuele Orgiu, who recently came to the INRS Centre \u00c9nergie Mat\u00e9riaux T\u00e9l\u00e9communications, is part of the new cohort of young researcher","robots":{"index":"noindex","follow":"follow","max-snippet":"max-snippet:-1","max-image-preview":"max-image-preview:large","max-video-preview":"max-video-preview:-1"},"og_locale":"en_US","og_type":"article","og_title":"Professor Emanuele Orgiu joins the Young Academy of Europe | INRS","og_description":"Professor Emanuele Orgiu, who recently came to the INRS Centre \u00c9nergie Mat\u00e9riaux T\u00e9l\u00e9communications, is part of the new cohort of young researcher","og_url":"https:\/\/dev.inrs.ca\/en\/news\/professor-emanuele-orgiu-joins-the-young-academy-of-europe\/","og_site_name":"INRS","article_publisher":"https:\/\/www.facebook.com\/inrsciences\/","article_published_time":"2017-02-08T17:00:00+00:00","article_modified_time":"2020-11-16T19:18:14+00:00","og_image":[{"width":640,"height":503,"url":"https:\/\/dev.inrs.ca\/wp-content\/uploads\/\/2020\/08\/orgiu_emanuele.png","type":"image\/png"}],"author":"inrsadmin","twitter_card":"summary_large_image","twitter_creator":"@inrsciences","twitter_site":"@inrsciences","twitter_misc":{"Written by":"inrsadmin","Est. reading time":"1 minute"},"schema":{"@context":"https:\/\/schema.org","@graph":[{"@type":"WebPage","@id":"https:\/\/dev.inrs.ca\/en\/news\/professor-emanuele-orgiu-joins-the-young-academy-of-europe\/","url":"https:\/\/dev.inrs.ca\/en\/news\/professor-emanuele-orgiu-joins-the-young-academy-of-europe\/","name":"Professor Emanuele Orgiu joins the Young Academy of Europe | INRS","isPartOf":{"@id":"https:\/\/dev.inrs.ca\/en\/#website"},"primaryImageOfPage":{"@id":"https:\/\/dev.inrs.ca\/en\/news\/professor-emanuele-orgiu-joins-the-young-academy-of-europe\/#primaryimage"},"image":{"@id":"https:\/\/dev.inrs.ca\/en\/news\/professor-emanuele-orgiu-joins-the-young-academy-of-europe\/#primaryimage"},"thumbnailUrl":"https:\/\/dev.inrs.ca\/wp-content\/uploads\/\/2020\/08\/orgiu_emanuele.png","datePublished":"2017-02-08T17:00:00+00:00","dateModified":"2020-11-16T19:18:14+00:00","author":{"@id":"https:\/\/dev.inrs.ca\/en\/#\/schema\/person\/3ca476fa13dfaddd95ebd8f26337ed0f"},"description":"Professor Emanuele Orgiu, who recently came to the INRS Centre \u00c9nergie Mat\u00e9riaux T\u00e9l\u00e9communications, is part of the new cohort of young researcher","breadcrumb":{"@id":"https:\/\/dev.inrs.ca\/en\/news\/professor-emanuele-orgiu-joins-the-young-academy-of-europe\/#breadcrumb"},"inLanguage":"en-CA","potentialAction":[{"@type":"ReadAction","target":["https:\/\/dev.inrs.ca\/en\/news\/professor-emanuele-orgiu-joins-the-young-academy-of-europe\/"]}]},{"@type":"ImageObject","inLanguage":"en-CA","@id":"https:\/\/dev.inrs.ca\/en\/news\/professor-emanuele-orgiu-joins-the-young-academy-of-europe\/#primaryimage","url":"https:\/\/dev.inrs.ca\/wp-content\/uploads\/\/2020\/08\/orgiu_emanuele.png","contentUrl":"https:\/\/dev.inrs.ca\/wp-content\/uploads\/\/2020\/08\/orgiu_emanuele.png","width":640,"height":503},{"@type":"BreadcrumbList","@id":"https:\/\/dev.inrs.ca\/en\/news\/professor-emanuele-orgiu-joins-the-young-academy-of-europe\/#breadcrumb","itemListElement":[{"@type":"ListItem","position":1,"name":"INRS","item":"https:\/\/dev.inrs.ca\/linrs\/"},{"@type":"ListItem","position":2,"name":"Newsroom","item":"https:\/\/dev.inrs.ca\/linrs\/salle-de-nouvelles\/"},{"@type":"ListItem","position":3,"name":"News","item":"https:\/\/dev.inrs.ca\/linrs\/salle-de-nouvelles\/actualites\/"},{"@type":"ListItem","position":4,"name":"Professor Emanuele Orgiu joins the Young Academy of Europe"}]},{"@type":"WebSite","@id":"https:\/\/dev.inrs.ca\/en\/#website","url":"https:\/\/dev.inrs.ca\/en\/","name":"INRS","description":"Institut national de la recherche scientifique","potentialAction":[{"@type":"SearchAction","target":{"@type":"EntryPoint","urlTemplate":"https:\/\/dev.inrs.ca\/en\/?s={search_term_string}"},"query-input":{"@type":"PropertyValueSpecification","valueRequired":true,"valueName":"search_term_string"}}],"inLanguage":"en-CA"},{"@type":"Person","@id":"https:\/\/dev.inrs.ca\/en\/#\/schema\/person\/3ca476fa13dfaddd95ebd8f26337ed0f","name":"inrsadmin","image":{"@type":"ImageObject","inLanguage":"en-CA","@id":"https:\/\/dev.inrs.ca\/en\/#\/schema\/person\/image\/","url":"https:\/\/secure.gravatar.com\/avatar\/40b736160f83ebb228ddc350b78913ad?s=96&d=mm&r=g","contentUrl":"https:\/\/secure.gravatar.com\/avatar\/40b736160f83ebb228ddc350b78913ad?s=96&d=mm&r=g","caption":"inrsadmin"},"url":"https:\/\/dev.inrs.ca\/en\/author\/inrsadmin\/"}]}},"_links":{"self":[{"href":"https:\/\/dev.inrs.ca\/en\/wp-json\/wp\/v2\/posts\/18385","targetHints":{"allow":["GET"]}}],"collection":[{"href":"https:\/\/dev.inrs.ca\/en\/wp-json\/wp\/v2\/posts"}],"about":[{"href":"https:\/\/dev.inrs.ca\/en\/wp-json\/wp\/v2\/types\/post"}],"author":[{"embeddable":true,"href":"https:\/\/dev.inrs.ca\/en\/wp-json\/wp\/v2\/users\/1"}],"replies":[{"embeddable":true,"href":"https:\/\/dev.inrs.ca\/en\/wp-json\/wp\/v2\/comments?post=18385"}],"version-history":[{"count":1,"href":"https:\/\/dev.inrs.ca\/en\/wp-json\/wp\/v2\/posts\/18385\/revisions"}],"predecessor-version":[{"id":20725,"href":"https:\/\/dev.inrs.ca\/en\/wp-json\/wp\/v2\/posts\/18385\/revisions\/20725"}],"wp:featuredmedia":[{"embeddable":true,"href":"https:\/\/dev.inrs.ca\/en\/wp-json\/wp\/v2\/media\/18386"}],"wp:attachment":[{"href":"https:\/\/dev.inrs.ca\/en\/wp-json\/wp\/v2\/media?parent=18385"}],"wp:term":[{"taxonomy":"category","embeddable":true,"href":"https:\/\/dev.inrs.ca\/en\/wp-json\/wp\/v2\/categories?post=18385"},{"taxonomy":"post_tag","embeddable":true,"href":"https:\/\/dev.inrs.ca\/en\/wp-json\/wp\/v2\/tags?post=18385"},{"taxonomy":"sectors","embeddable":true,"href":"https:\/\/dev.inrs.ca\/en\/wp-json\/wp\/v2\/sectors?post=18385"}],"curies":[{"name":"wp","href":"https:\/\/api.w.org\/{rel}","templated":true}]}}